{"id":86891,"date":"2026-02-11T17:39:46","date_gmt":"2026-02-11T16:39:46","guid":{"rendered":"https:\/\/collectionsdesaint-cyprien.com\/events-calendar\/exposition-pieds-et-points-lies-james-orain-chez-arabesque-2\/"},"modified":"2026-02-11T17:39:46","modified_gmt":"2026-02-11T16:39:46","slug":"exposition-pieds-et-points-lies-james-orain-chez-arabesque-2","status":"publish","type":"post","link":"https:\/\/collectionsdesaint-cyprien.com\/en\/events-calendar\/exposition-pieds-et-points-lies-james-orain-chez-arabesque-2\/","title":{"rendered":"EXPOSITION &#8220;PIEDS ET POINTS LI\u00c9S&#8221; &#8211; JAMES ORAIN CHEZ ARABESQUE"},"content":{"rendered":"<p>Du mercredi 08 au samedi 11 avril de 10h \u00e0 12h et de 17h \u00e0 19h &gt; Arabesque vous pr\u00e9sente &#8220;Pieds et points li\u00e9s&#8221; &#8211;  James Orain.<br \/>\n\u00c0 travers un dessin minutieux et singulier, James Orain explore le corps fragment\u00e9, le mouvement et l\u2019interconnexion des formes dans une \u0153uvre \u00e0 la fois organique et troublante.<\/p>\n<p>Tout public<br \/>\nEntr\u00e9e libre<\/p>\n<p>Contact : 06 47 92 61 32 &#8211; arabesquestcyp@gmail.com<\/p>\n<p>Lieu : Arabesque Centre d&#8217;art Maison bleue &#8211; place de la R\u00e9publique <\/p>\n","protected":false},"excerpt":{"rendered":"<p>Du mercredi 08 au samedi 11 avril de 10h \u00e0 12h et de 17h \u00e0 19h &gt; Arabesque vous pr\u00e9sente &#8220;Pieds et points li\u00e9s&#8221; &#8211; James Orain. \u00c0 travers un dessin minutieux et singulier, James Orain explore le corps fragment\u00e9, le mouvement et l\u2019interconnexion des formes dans une \u0153uvre \u00e0 la fois organique et troublante. [&hellip;]<\/p>\n","protected":false},"author":1,"featured_media":0,"comment_status":"","ping_status":"","sticky":false,"template":"","format":"standard","meta":{"_acf_changed":false,"footnotes":""},"categories":[1],"tags":[],"class_list":["post-86891","post","type-post","status-publish","format-standard","hentry","category-events-calendar"],"acf":[],"_links":{"self":[{"href":"https:\/\/collectionsdesaint-cyprien.com\/en\/wp-json\/wp\/v2\/posts\/86891","targetHints":{"allow":["GET"]}}],"collection":[{"href":"https:\/\/collectionsdesaint-cyprien.com\/en\/wp-json\/wp\/v2\/posts"}],"about":[{"href":"https:\/\/collectionsdesaint-cyprien.com\/en\/wp-json\/wp\/v2\/types\/post"}],"author":[{"embeddable":true,"href":"https:\/\/collectionsdesaint-cyprien.com\/en\/wp-json\/wp\/v2\/users\/1"}],"replies":[{"embeddable":true,"href":"https:\/\/collectionsdesaint-cyprien.com\/en\/wp-json\/wp\/v2\/comments?post=86891"}],"version-history":[{"count":0,"href":"https:\/\/collectionsdesaint-cyprien.com\/en\/wp-json\/wp\/v2\/posts\/86891\/revisions"}],"wp:attachment":[{"href":"https:\/\/collectionsdesaint-cyprien.com\/en\/wp-json\/wp\/v2\/media?parent=86891"}],"wp:term":[{"taxonomy":"category","embeddable":true,"href":"https:\/\/collectionsdesaint-cyprien.com\/en\/wp-json\/wp\/v2\/categories?post=86891"},{"taxonomy":"post_tag","embeddable":true,"href":"https:\/\/collectionsdesaint-cyprien.com\/en\/wp-json\/wp\/v2\/tags?post=86891"}],"curies":[{"name":"wp","href":"https:\/\/api.w.org\/{rel}","templated":true}]}}