{"id":86856,"date":"2026-02-11T17:38:36","date_gmt":"2026-02-11T16:38:36","guid":{"rendered":"https:\/\/collectionsdesaint-cyprien.com\/events-calendar\/journees-europeennes-des-metiers-dart-3\/"},"modified":"2026-02-11T17:38:36","modified_gmt":"2026-02-11T16:38:36","slug":"journees-europeennes-des-metiers-dart-3","status":"publish","type":"post","link":"https:\/\/collectionsdesaint-cyprien.com\/en\/events-calendar\/journees-europeennes-des-metiers-dart-3\/","title":{"rendered":"JOURNEES EUROPEENNES DES METIERS D&#8217;ART"},"content":{"rendered":"<p>Samedi 11 avril \u00e0 17h &gt; Conf\u00e9rence avec Aur\u00e9lie Jourdain aux Collections de Saint-Cyprien sur le th\u00e8me &#8221; Faunes et Flores marine&#8221;.<br \/>\nUne travers\u00e9e picturale o\u00f9 les formes vivantes surgissent des profondeurs, entre motifs organiques, rythmes du vivant et silences du noir.<\/p>\n<p>Gratuit &#8211; sur r\u00e9servation au 04 68 21 06 96 ou au 04 68 21 01 33<\/p>\n<p>Lieu : Les Collections de Saint-Cyprien, rue Emile Zola, village <\/p>\n","protected":false},"excerpt":{"rendered":"<p>Samedi 11 avril \u00e0 17h &gt; Conf\u00e9rence avec Aur\u00e9lie Jourdain aux Collections de Saint-Cyprien sur le th\u00e8me &#8221; Faunes et Flores marine&#8221;. Une travers\u00e9e picturale o\u00f9 les formes vivantes surgissent des profondeurs, entre motifs organiques, rythmes du vivant et silences du noir. Gratuit &#8211; sur r\u00e9servation au 04 68 21 06 96 ou au 04 [&hellip;]<\/p>\n","protected":false},"author":1,"featured_media":0,"comment_status":"","ping_status":"","sticky":false,"template":"","format":"standard","meta":{"_acf_changed":false,"footnotes":""},"categories":[1],"tags":[],"class_list":["post-86856","post","type-post","status-publish","format-standard","hentry","category-events-calendar"],"acf":[],"_links":{"self":[{"href":"https:\/\/collectionsdesaint-cyprien.com\/en\/wp-json\/wp\/v2\/posts\/86856","targetHints":{"allow":["GET"]}}],"collection":[{"href":"https:\/\/collectionsdesaint-cyprien.com\/en\/wp-json\/wp\/v2\/posts"}],"about":[{"href":"https:\/\/collectionsdesaint-cyprien.com\/en\/wp-json\/wp\/v2\/types\/post"}],"author":[{"embeddable":true,"href":"https:\/\/collectionsdesaint-cyprien.com\/en\/wp-json\/wp\/v2\/users\/1"}],"replies":[{"embeddable":true,"href":"https:\/\/collectionsdesaint-cyprien.com\/en\/wp-json\/wp\/v2\/comments?post=86856"}],"version-history":[{"count":0,"href":"https:\/\/collectionsdesaint-cyprien.com\/en\/wp-json\/wp\/v2\/posts\/86856\/revisions"}],"wp:attachment":[{"href":"https:\/\/collectionsdesaint-cyprien.com\/en\/wp-json\/wp\/v2\/media?parent=86856"}],"wp:term":[{"taxonomy":"category","embeddable":true,"href":"https:\/\/collectionsdesaint-cyprien.com\/en\/wp-json\/wp\/v2\/categories?post=86856"},{"taxonomy":"post_tag","embeddable":true,"href":"https:\/\/collectionsdesaint-cyprien.com\/en\/wp-json\/wp\/v2\/tags?post=86856"}],"curies":[{"name":"wp","href":"https:\/\/api.w.org\/{rel}","templated":true}]}}