{"id":86823,"date":"2026-02-11T17:37:31","date_gmt":"2026-02-11T16:37:31","guid":{"rendered":"https:\/\/collectionsdesaint-cyprien.com\/events-calendar\/club-de-lecture-de-la-mediatheque-3\/"},"modified":"2026-02-11T17:37:31","modified_gmt":"2026-02-11T16:37:31","slug":"club-de-lecture-de-la-mediatheque-3","status":"publish","type":"post","link":"https:\/\/collectionsdesaint-cyprien.com\/en\/events-calendar\/club-de-lecture-de-la-mediatheque-3\/","title":{"rendered":"CLUB DE LECTURE DE LA MEDIATHEQUE"},"content":{"rendered":"<p>Mardi 17 f\u00e9vrier 2026 de 15h \u00e0 17h &gt; Le club de lecture de la M\u00e9diath\u00e8que de Saint-Cyprien se r\u00e9unit le 3\u00e8me mardi du mois autour d\u2019\u0153uvres choisies. Vous \u00eates chaleureusement invit\u00e9s \u00e0 venir d\u00e9couvrir de nouveaux genres litt\u00e9raires et \u00e0 enrichir votre point de vue ou connaissances du monde.<br \/>\nOuvert \u00e0 tous les abonn\u00e9s &#8211; Public adulte. <\/p>\n<p>Lieu : M\u00e9diath\u00e8que Prosper M\u00e9rim\u00e9e<\/p>\n<p>Contact : M\u00e9diath\u00e8que Prosper M\u00e9rim\u00e9e au 04 68 37 32 70<\/p>\n","protected":false},"excerpt":{"rendered":"<p>Mardi 17 f\u00e9vrier 2026 de 15h \u00e0 17h &gt; Le club de lecture de la M\u00e9diath\u00e8que de Saint-Cyprien se r\u00e9unit le 3\u00e8me mardi du mois autour d\u2019\u0153uvres choisies. Vous \u00eates chaleureusement invit\u00e9s \u00e0 venir d\u00e9couvrir de nouveaux genres litt\u00e9raires et \u00e0 enrichir votre point de vue ou connaissances du monde. Ouvert \u00e0 tous les abonn\u00e9s [&hellip;]<\/p>\n","protected":false},"author":1,"featured_media":0,"comment_status":"","ping_status":"","sticky":false,"template":"","format":"standard","meta":{"_acf_changed":false,"footnotes":""},"categories":[1],"tags":[],"class_list":["post-86823","post","type-post","status-publish","format-standard","hentry","category-events-calendar"],"acf":[],"_links":{"self":[{"href":"https:\/\/collectionsdesaint-cyprien.com\/en\/wp-json\/wp\/v2\/posts\/86823","targetHints":{"allow":["GET"]}}],"collection":[{"href":"https:\/\/collectionsdesaint-cyprien.com\/en\/wp-json\/wp\/v2\/posts"}],"about":[{"href":"https:\/\/collectionsdesaint-cyprien.com\/en\/wp-json\/wp\/v2\/types\/post"}],"author":[{"embeddable":true,"href":"https:\/\/collectionsdesaint-cyprien.com\/en\/wp-json\/wp\/v2\/users\/1"}],"replies":[{"embeddable":true,"href":"https:\/\/collectionsdesaint-cyprien.com\/en\/wp-json\/wp\/v2\/comments?post=86823"}],"version-history":[{"count":0,"href":"https:\/\/collectionsdesaint-cyprien.com\/en\/wp-json\/wp\/v2\/posts\/86823\/revisions"}],"wp:attachment":[{"href":"https:\/\/collectionsdesaint-cyprien.com\/en\/wp-json\/wp\/v2\/media?parent=86823"}],"wp:term":[{"taxonomy":"category","embeddable":true,"href":"https:\/\/collectionsdesaint-cyprien.com\/en\/wp-json\/wp\/v2\/categories?post=86823"},{"taxonomy":"post_tag","embeddable":true,"href":"https:\/\/collectionsdesaint-cyprien.com\/en\/wp-json\/wp\/v2\/tags?post=86823"}],"curies":[{"name":"wp","href":"https:\/\/api.w.org\/{rel}","templated":true}]}}